[{"@context":"https:\/\/schema.org\/","@type":"BlogPosting","@id":"https:\/\/blog.elkami.fr\/cap-de-carbone\/#BlogPosting","mainEntityOfPage":"https:\/\/blog.elkami.fr\/cap-de-carbone\/","headline":"Cap de Carbone","name":"Cap de Carbone","description":"&nbsp;&nbsp;Que du bonheur, que du beau temps durant ces 3 jours de rando entre Orlu et Merens-Les-Vals Parcours suivant le GR 107 : Ax-Les-Thermes &#8211; Orlu Orlu &#8211; Col de Joux. Nuit dans la superbe cabane du col de Joux Col de Joux &#8211; Merens-Les-Vals Deuxi\u00e8me jours tr\u00e8s physique \u00e0 cause d&rsquo;une neige difficile \u00e0&hellip;&nbsp;<a href=\"https:\/\/blog.elkami.fr\/cap-de-carbone\/\" rel=\"bookmark\"><span class=\"screen-reader-text\">Cap de Carbone<\/span><\/a>","datePublished":"2009-03-19","dateModified":"2022-07-05","author":{"@type":"Person","@id":"https:\/\/blog.elkami.fr\/author\/elkami\/#Person","name":"Elkami","url":"https:\/\/blog.elkami.fr\/author\/elkami\/","identifier":2,"image":{"@type":"ImageObject","@id":"https:\/\/secure.gravatar.com\/avatar\/891004d75c83e8d15c760baecb39b7661bb72c362d87c6b74985f514b58d28a6?s=96&d=mm&r=g","url":"https:\/\/secure.gravatar.com\/avatar\/891004d75c83e8d15c760baecb39b7661bb72c362d87c6b74985f514b58d28a6?s=96&d=mm&r=g","height":96,"width":96}},"publisher":{"@type":"Organization","name":"Elkami","logo":{"@type":"ImageObject","@id":"https:\/\/blog.elkami.fr\/img\/moi.jpg","url":"https:\/\/blog.elkami.fr\/img\/moi.jpg","width":600,"height":60}},"image":{"@type":"ImageObject","@id":"https:\/\/blog.elkami.fr\/img\/ngg_featured\/P1020708.JPG","url":"https:\/\/blog.elkami.fr\/img\/ngg_featured\/P1020708.JPG","height":960,"width":1280},"url":"https:\/\/blog.elkami.fr\/cap-de-carbone\/","about":["En hiver","Haute-Ari\u00e8ge","Pyr\u00e9n\u00e9es","Randonn&eacute;es"],"wordCount":56},{"@context":"https:\/\/schema.org\/","@type":"BreadcrumbList","itemListElement":[{"@type":"ListItem","position":1,"name":"Cap de Carbone","item":"https:\/\/blog.elkami.fr\/cap-de-carbone\/#breadcrumbitem"}]}]