{"@context":"https:\/\/schema.org\/","@type":"CollectionPage","@id":"https:\/\/blog.elkami.fr\/category\/randonnees\/pyrenees\/haute-ariege\/#CollectionPage","headline":"Haute-Ari\u00e8ge Category","description":"<p>Au-del\u00e0 de Tarascon-sur-Ari\u00e8ge, s&rsquo;\u00e9tendent les plus hauts massifs de l&rsquo;Ari\u00e8ge : le Vicdessos, l&rsquo;Aston, le Capcir. La vall\u00e9e de Vicdessos\/Auzat s\u00e9pare 3 sous-massifs montagneux aux caract\u00e9ristiques vari\u00e9es : le massif des Trois-Seigneurs au Nord (Pic des Trois-Seigneurs, 2 199 m), ensemble pr\u00e9montagnard compos\u00e9 de schistes et de flysch form\u00e9 au Cr\u00e9tac\u00e9, le massif de Bassies (Pic pr\u00e8s de Puntussan, 2 698 m, Pic Rouge de Bassi\u00e8s, 2 676 m) compos\u00e9 de roches granitiques datant du Pr\u00e9cambrien et du Hercynien, et le massif du Pic de Montcalm (Pique d&rsquo;Estats, 3 144 m, situ\u00e9 sur le c\u00f4t\u00e9 espagnol), formation schisteuse datant du Pal\u00e9ozo\u00efque. Ces massifs sont caract\u00e9ris\u00e9s par une alternance de zones de pente faibles (ombilic, moraine, \u00e9boulis, colluvions) et de zones d&rsquo;\u00e9rosion aux pentes plut\u00f4t fortes (affleurements rocheux, c\u00f4nes d&rsquo;\u00e9boulis)8.<\/p>\n<p>Les Massif de l&rsquo;Aston et du Capcir repr\u00e9sentent le m\u00eame type de formation schisteuse que le massif du Montcalm. Les plus hauts sommets sont la plupart situ\u00e9s sur la zone frontali\u00e8re entre l&rsquo;Ari\u00e8ge et l&rsquo;Andorre (Pic du Port, 2 903 m, Pic de Serrera, 2 912 m, Pic de la Cabaneta, 2 847 m, Pic Carlit, 2 921 m). Les 2 massifs sont s\u00e9par\u00e9s par la vall\u00e9e d&rsquo;Ax-les-Thermes qui permet d&rsquo;acc\u00e9der \u00e0 Andorre par le port d&rsquo;Envalira (2 409 m) et \u00e0 Font-Romeu (Pyr\u00e9n\u00e9es-Orientales) par le col de Puymorens (1 920 m). De nombreux lacs naturels ou artificiels occupent les vall\u00e9es encaiss\u00e9es. La r\u00e9gion a \u00e9t\u00e9 motrice quelle que soit l&rsquo;\u00e9poque de par ses activit\u00e9s de forge (Orlu), hydro-\u00e9lectriques (barrage de Laparan), de thermes (Ax-les-Thermes), d&rsquo;activit\u00e9s touristiques hivernales (ski de fond au Plateau de Beille, ski de piste \u00e0 Ax 3 Domaines, Port\u00e9-Puymorens, Ascou-Pailh\u00e8res, Mijan\u00e8s, dans les stations andorranes), ou d&rsquo;activit\u00e9s touristiques estivales (escalade, parapente, randonn\u00e9es, ski nautique).<\/p>\n","url":"https:\/\/blog.elkami.fr\/category\/randonnees\/pyrenees\/haute-ariege\/","hasPart":[{"@type":"BlogPosting","@id":"https:\/\/blog.elkami.fr\/etang-du-sisca\/","headline":"\u00c9tang du Sisca","url":"https:\/\/blog.elkami.fr\/etang-du-sisca\/","datePublished":"2025-08-24","dateModified":"2025-09-23","mainEntityOfPage":"https:\/\/blog.elkami.fr\/etang-du-sisca\/","author":{"@type":"Person","@id":"https:\/\/blog.elkami.fr\/author\/elkami\/#Person","name":"Elkami","url":"https:\/\/blog.elkami.fr\/author\/elkami\/","identifier":2,"image":{"@type":"ImageObject","@id":"https:\/\/secure.gravatar.com\/avatar\/891004d75c83e8d15c760baecb39b7661bb72c362d87c6b74985f514b58d28a6?s=96&d=mm&r=g","url":"https:\/\/secure.gravatar.com\/avatar\/891004d75c83e8d15c760baecb39b7661bb72c362d87c6b74985f514b58d28a6?s=96&d=mm&r=g","height":96,"width":96}},"publisher":{"@type":"Organization","name":"Elkami","logo":{"@type":"ImageObject","@id":"https:\/\/blog.elkami.fr\/img\/moi.jpg","url":"https:\/\/blog.elkami.fr\/img\/moi.jpg","width":600,"height":60}},"image":{"@type":"ImageObject","@id":"https:\/\/blog.elkami.fr\/img\/nggallery_import\/P1510567.webp","url":"https:\/\/blog.elkami.fr\/img\/nggallery_import\/P1510567.webp","height":1079,"width":1920},"keywords":null},{"@type":"BlogPosting","@id":"https:\/\/blog.elkami.fr\/jasse-du-printemps\/","headline":"Jasse du Printemps","url":"https:\/\/blog.elkami.fr\/jasse-du-printemps\/","datePublished":"2011-02-06","dateModified":"2022-07-05","mainEntityOfPage":"https:\/\/blog.elkami.fr\/jasse-du-printemps\/","author":{"@type":"Person","@id":"https:\/\/blog.elkami.fr\/author\/elkami\/#Person","name":"Elkami","url":"https:\/\/blog.elkami.fr\/author\/elkami\/","identifier":2,"image":{"@type":"ImageObject","@id":"https:\/\/secure.gravatar.com\/avatar\/891004d75c83e8d15c760baecb39b7661bb72c362d87c6b74985f514b58d28a6?s=96&d=mm&r=g","url":"https:\/\/secure.gravatar.com\/avatar\/891004d75c83e8d15c760baecb39b7661bb72c362d87c6b74985f514b58d28a6?s=96&d=mm&r=g","height":96,"width":96}},"publisher":{"@type":"Organization","name":"Elkami","logo":{"@type":"ImageObject","@id":"https:\/\/blog.elkami.fr\/img\/moi.jpg","url":"https:\/\/blog.elkami.fr\/img\/moi.jpg","width":600,"height":60}},"image":{"@type":"ImageObject","@id":"https:\/\/blog.elkami.fr\/img\/ngg_featured\/P1110239.JPG","url":"https:\/\/blog.elkami.fr\/img\/ngg_featured\/P1110239.JPG","height":960,"width":1280},"keywords":null},{"@type":"BlogPosting","@id":"https:\/\/blog.elkami.fr\/jasse-des-cizarols\/","headline":"Jasse des Cizarols","url":"https:\/\/blog.elkami.fr\/jasse-des-cizarols\/","datePublished":"2011-02-05","dateModified":"2022-07-05","mainEntityOfPage":"https:\/\/blog.elkami.fr\/jasse-des-cizarols\/","author":{"@type":"Person","@id":"https:\/\/blog.elkami.fr\/author\/elkami\/#Person","name":"Elkami","url":"https:\/\/blog.elkami.fr\/author\/elkami\/","identifier":2,"image":{"@type":"ImageObject","@id":"https:\/\/secure.gravatar.com\/avatar\/891004d75c83e8d15c760baecb39b7661bb72c362d87c6b74985f514b58d28a6?s=96&d=mm&r=g","url":"https:\/\/secure.gravatar.com\/avatar\/891004d75c83e8d15c760baecb39b7661bb72c362d87c6b74985f514b58d28a6?s=96&d=mm&r=g","height":96,"width":96}},"publisher":{"@type":"Organization","name":"Elkami","logo":{"@type":"ImageObject","@id":"https:\/\/blog.elkami.fr\/img\/moi.jpg","url":"https:\/\/blog.elkami.fr\/img\/moi.jpg","width":600,"height":60}},"image":{"@type":"ImageObject","@id":"https:\/\/blog.elkami.fr\/img\/ngg_featured\/P1110229.JPG","url":"https:\/\/blog.elkami.fr\/img\/ngg_featured\/P1110229.JPG","height":960,"width":1280},"keywords":null},{"@type":"BlogPosting","@id":"https:\/\/blog.elkami.fr\/le-liate\/","headline":"Le Liate","url":"https:\/\/blog.elkami.fr\/le-liate\/","datePublished":"2010-02-27","dateModified":"2022-07-05","mainEntityOfPage":"https:\/\/blog.elkami.fr\/le-liate\/","author":{"@type":"Person","@id":"https:\/\/blog.elkami.fr\/author\/elkami\/#Person","name":"Elkami","url":"https:\/\/blog.elkami.fr\/author\/elkami\/","identifier":2,"image":{"@type":"ImageObject","@id":"https:\/\/secure.gravatar.com\/avatar\/891004d75c83e8d15c760baecb39b7661bb72c362d87c6b74985f514b58d28a6?s=96&d=mm&r=g","url":"https:\/\/secure.gravatar.com\/avatar\/891004d75c83e8d15c760baecb39b7661bb72c362d87c6b74985f514b58d28a6?s=96&d=mm&r=g","height":96,"width":96}},"publisher":{"@type":"Organization","name":"Elkami","logo":{"@type":"ImageObject","@id":"https:\/\/blog.elkami.fr\/img\/moi.jpg","url":"https:\/\/blog.elkami.fr\/img\/moi.jpg","width":600,"height":60}},"image":{"@type":"ImageObject","@id":"https:\/\/blog.elkami.fr\/img\/ngg_featured\/P1070654.JPG","url":"https:\/\/blog.elkami.fr\/img\/ngg_featured\/P1070654.JPG","height":960,"width":1280},"keywords":null},{"@type":"BlogPosting","@id":"https:\/\/blog.elkami.fr\/cap-de-carbone\/","headline":"Cap de Carbone","url":"https:\/\/blog.elkami.fr\/cap-de-carbone\/","datePublished":"2009-03-19","dateModified":"2022-07-05","mainEntityOfPage":"https:\/\/blog.elkami.fr\/cap-de-carbone\/","author":{"@type":"Person","@id":"https:\/\/blog.elkami.fr\/author\/elkami\/#Person","name":"Elkami","url":"https:\/\/blog.elkami.fr\/author\/elkami\/","identifier":2,"image":{"@type":"ImageObject","@id":"https:\/\/secure.gravatar.com\/avatar\/891004d75c83e8d15c760baecb39b7661bb72c362d87c6b74985f514b58d28a6?s=96&d=mm&r=g","url":"https:\/\/secure.gravatar.com\/avatar\/891004d75c83e8d15c760baecb39b7661bb72c362d87c6b74985f514b58d28a6?s=96&d=mm&r=g","height":96,"width":96}},"publisher":{"@type":"Organization","name":"Elkami","logo":{"@type":"ImageObject","@id":"https:\/\/blog.elkami.fr\/img\/moi.jpg","url":"https:\/\/blog.elkami.fr\/img\/moi.jpg","width":600,"height":60}},"image":{"@type":"ImageObject","@id":"https:\/\/blog.elkami.fr\/img\/ngg_featured\/P1020708.JPG","url":"https:\/\/blog.elkami.fr\/img\/ngg_featured\/P1020708.JPG","height":960,"width":1280},"keywords":null}]}