[{"@context":"https:\/\/schema.org\/","@type":"BlogPosting","@id":"https:\/\/blog.elkami.fr\/jasse-du-printemps\/#BlogPosting","mainEntityOfPage":"https:\/\/blog.elkami.fr\/jasse-du-printemps\/","headline":"Jasse du Printemps","name":"Jasse du Printemps","description":"&nbsp;&nbsp;Belle journ\u00e9e au dessus des Forges d&rsquo;Orlu. Depuis les forges nous remontons l&rsquo;Ori\u00e8ge jusqu&rsquo;aux Prairies de Gaudu. Aucune difficult\u00e9 et beau parcours.","datePublished":"2011-02-06","dateModified":"2022-07-05","author":{"@type":"Person","@id":"https:\/\/blog.elkami.fr\/author\/elkami\/#Person","name":"Elkami","url":"https:\/\/blog.elkami.fr\/author\/elkami\/","identifier":2,"image":{"@type":"ImageObject","@id":"https:\/\/secure.gravatar.com\/avatar\/891004d75c83e8d15c760baecb39b7661bb72c362d87c6b74985f514b58d28a6?s=96&d=mm&r=g","url":"https:\/\/secure.gravatar.com\/avatar\/891004d75c83e8d15c760baecb39b7661bb72c362d87c6b74985f514b58d28a6?s=96&d=mm&r=g","height":96,"width":96}},"publisher":{"@type":"Organization","name":"Elkami","logo":{"@type":"ImageObject","@id":"https:\/\/blog.elkami.fr\/img\/moi.jpg","url":"https:\/\/blog.elkami.fr\/img\/moi.jpg","width":600,"height":60}},"image":{"@type":"ImageObject","@id":"https:\/\/blog.elkami.fr\/img\/ngg_featured\/P1110239.JPG","url":"https:\/\/blog.elkami.fr\/img\/ngg_featured\/P1110239.JPG","height":960,"width":1280},"url":"https:\/\/blog.elkami.fr\/jasse-du-printemps\/","about":["En famille","Haute-Ari\u00e8ge","Pyr\u00e9n\u00e9es","Randonn&eacute;es"],"wordCount":32},{"@context":"https:\/\/schema.org\/","@type":"BreadcrumbList","itemListElement":[{"@type":"ListItem","position":1,"name":"Jasse du Printemps","item":"https:\/\/blog.elkami.fr\/jasse-du-printemps\/#breadcrumbitem"}]}]