[{"@context":"https:\/\/schema.org\/","@type":"Article","@id":"https:\/\/blog.elkami.fr\/les-randonnees-dans-les-pyrenees\/#Article","mainEntityOfPage":"https:\/\/blog.elkami.fr\/les-randonnees-dans-les-pyrenees\/","headline":"Carte interactive","name":"Carte interactive","description":"Toutes les randonn\u00e9es pyr\u00e9n\u00e9ennes rassembl\u00e9es sur une carte interactive. Chaque marqueur permet d\u2019acc\u00e9der \u00e0 l&rsquo;activit\u00e9.","datePublished":"2024-09-20","dateModified":"2024-09-21","author":{"@type":"Person","@id":"https:\/\/blog.elkami.fr\/author\/elkami\/#Person","name":"Elkami","url":"https:\/\/blog.elkami.fr\/author\/elkami\/","identifier":2,"image":{"@type":"ImageObject","@id":"https:\/\/secure.gravatar.com\/avatar\/891004d75c83e8d15c760baecb39b7661bb72c362d87c6b74985f514b58d28a6?s=96&d=mm&r=g","url":"https:\/\/secure.gravatar.com\/avatar\/891004d75c83e8d15c760baecb39b7661bb72c362d87c6b74985f514b58d28a6?s=96&d=mm&r=g","height":96,"width":96}},"publisher":{"@type":"Organization","name":"Elkami","logo":{"@type":"ImageObject","@id":"https:\/\/blog.elkami.fr\/img\/moi.jpg","url":"https:\/\/blog.elkami.fr\/img\/moi.jpg","width":600,"height":60}},"image":{"@type":"ImageObject","@id":"https:\/\/blog.elkami.fr\/img\/carto-mini.jpg","url":"https:\/\/blog.elkami.fr\/img\/carto-mini.jpg","height":324,"width":700},"url":"https:\/\/blog.elkami.fr\/les-randonnees-dans-les-pyrenees\/"},{"@context":"https:\/\/schema.org","@type":"BreadcrumbList","@id":"https:\/\/blog.elkami.fr\/les-randonnees-dans-les-pyrenees\/#BreadcrumbList","itemListElement":[{"@type":"ListItem","position":1,"name":"Carte interactive","item":"https:\/\/blog.elkami.fr\/les-randonnees-dans-les-pyrenees\/#breadcrumbitem"}]}]