[{"@context":"https:\/\/schema.org\/","@type":"BlogPosting","@id":"https:\/\/blog.elkami.fr\/mines-de-parzan\/#BlogPosting","mainEntityOfPage":"https:\/\/blog.elkami.fr\/mines-de-parzan\/","headline":"Mines de Parzan","name":"Mines de Parzan","description":"&nbsp;&nbsp;Voici un sentier charg\u00e9 d&rsquo;histoire, un parcours insolite permettant d\u2019acc\u00e9der aux mines de Parzan. Le d\u00e9part, peu apr\u00e8s la fronti\u00e8re, au niveau de l&rsquo;\u00e9pingle \u00e0 cheveux, est tr\u00e8s connu pour le canyoning. Le sentier d\u00e9marre doucement sur une piste foresti\u00e8re puis on quitte cette derni\u00e8re sur la gauche (Panneau \u00ab\u00a0Minas de Liena\u00a0\u00bb) L\u00e0 commence une&hellip;&nbsp;<a href=\"https:\/\/blog.elkami.fr\/mines-de-parzan\/\" rel=\"bookmark\"><span class=\"screen-reader-text\">Mines de Parzan<\/span><\/a>","datePublished":"2023-08-15","dateModified":"2023-09-18","author":{"@type":"Person","@id":"https:\/\/blog.elkami.fr\/author\/elkami\/#Person","name":"Elkami","url":"https:\/\/blog.elkami.fr\/author\/elkami\/","identifier":2,"image":{"@type":"ImageObject","@id":"https:\/\/secure.gravatar.com\/avatar\/891004d75c83e8d15c760baecb39b7661bb72c362d87c6b74985f514b58d28a6?s=96&d=mm&r=g","url":"https:\/\/secure.gravatar.com\/avatar\/891004d75c83e8d15c760baecb39b7661bb72c362d87c6b74985f514b58d28a6?s=96&d=mm&r=g","height":96,"width":96}},"publisher":{"@type":"Organization","name":"Elkami","logo":{"@type":"ImageObject","@id":"https:\/\/blog.elkami.fr\/img\/moi.jpg","url":"https:\/\/blog.elkami.fr\/img\/moi.jpg","width":600,"height":60}},"image":{"@type":"ImageObject","@id":"https:\/\/blog.elkami.fr\/img\/nggallery_import\/P1400950.JPG","url":"https:\/\/blog.elkami.fr\/img\/nggallery_import\/P1400950.JPG","height":1079,"width":1920},"url":"https:\/\/blog.elkami.fr\/mines-de-parzan\/","about":["Insolites","Pyr\u00e9n\u00e9es","Randonn&eacute;es","Vall\u00e9e de Pineta"],"wordCount":219},{"@context":"https:\/\/schema.org\/","@type":"BreadcrumbList","itemListElement":[{"@type":"ListItem","position":1,"name":"Mines de Parzan","item":"https:\/\/blog.elkami.fr\/mines-de-parzan\/#breadcrumbitem"}]}]