[{"@context":"https:\/\/schema.org\/","@type":"BlogPosting","@id":"https:\/\/blog.elkami.fr\/peyreget\/#BlogPosting","mainEntityOfPage":"https:\/\/blog.elkami.fr\/peyreget\/","headline":"Pic Peyreget","name":"Pic Peyreget","description":"C&rsquo;est par une longue et magnifique boucle, des lacs de Houer, au Pic d&rsquo;Astu avec un passage par le col de l&rsquo;Iou, que nous d\u00e9couvrons le Peyreget. Le parcours d\u00e9bute par le m\u00eame chemin que pour se rendre au pic de Canaourouye. De ce pic, nous suivons la cr\u00eate jusqu&rsquo;au Pic d&rsquo;Astu en enchainant au&hellip;&nbsp;<a href=\"https:\/\/blog.elkami.fr\/peyreget\/\" rel=\"bookmark\"><span class=\"screen-reader-text\">Pic Peyreget<\/span><\/a>","datePublished":"2025-07-17","dateModified":"2025-07-22","author":{"@type":"Person","@id":"https:\/\/blog.elkami.fr\/author\/elkami\/#Person","name":"Elkami","url":"https:\/\/blog.elkami.fr\/author\/elkami\/","identifier":2,"image":{"@type":"ImageObject","@id":"https:\/\/secure.gravatar.com\/avatar\/891004d75c83e8d15c760baecb39b7661bb72c362d87c6b74985f514b58d28a6?s=96&d=mm&r=g","url":"https:\/\/secure.gravatar.com\/avatar\/891004d75c83e8d15c760baecb39b7661bb72c362d87c6b74985f514b58d28a6?s=96&d=mm&r=g","height":96,"width":96}},"publisher":{"@type":"Organization","name":"Elkami","logo":{"@type":"ImageObject","@id":"https:\/\/blog.elkami.fr\/img\/moi.jpg","url":"https:\/\/blog.elkami.fr\/img\/moi.jpg","width":600,"height":60}},"image":{"@type":"ImageObject","@id":"https:\/\/blog.elkami.fr\/img\/nggallery_import\/P1330670.JPG","url":"https:\/\/blog.elkami.fr\/img\/nggallery_import\/P1330670.JPG","height":1079,"width":1920},"url":"https:\/\/blog.elkami.fr\/peyreget\/","about":["En boucle","Lacs","Pyr\u00e9n\u00e9es","Randonn&eacute;es","Vall\u00e9e d'Ossau"],"wordCount":401},{"@context":"https:\/\/schema.org\/","@type":"BreadcrumbList","itemListElement":[{"@type":"ListItem","position":1,"name":"Pic Peyreget","item":"https:\/\/blog.elkami.fr\/peyreget\/#breadcrumbitem"}]}]