[{"@context":"https:\/\/schema.org\/","@type":"BlogPosting","@id":"https:\/\/blog.elkami.fr\/pic-du-cardal\/#BlogPosting","mainEntityOfPage":"https:\/\/blog.elkami.fr\/pic-du-cardal\/","headline":"Pic du Cardal","name":"Pic du Cardal","description":"&nbsp;&nbsp;Pic du Cardal et Pic Rond en boucle par les Gabi\u00e9tous de Lourdes et le Pla d&rsquo;Aube. Presque toujours hors sentier, la boucle jusqu&rsquo;au Pic du Cardal peut se rallonger de bien des mani\u00e8res (Pic Crab\u00e8re, Pic du Port, Pic de Lourdes, retour par la vall\u00e9e de la Canau, etc).","datePublished":"2024-08-11","dateModified":"2024-08-13","author":{"@type":"Person","@id":"https:\/\/blog.elkami.fr\/author\/elkami\/#Person","name":"Elkami","url":"https:\/\/blog.elkami.fr\/author\/elkami\/","identifier":2,"image":{"@type":"ImageObject","@id":"https:\/\/secure.gravatar.com\/avatar\/891004d75c83e8d15c760baecb39b7661bb72c362d87c6b74985f514b58d28a6?s=96&d=mm&r=g","url":"https:\/\/secure.gravatar.com\/avatar\/891004d75c83e8d15c760baecb39b7661bb72c362d87c6b74985f514b58d28a6?s=96&d=mm&r=g","height":96,"width":96}},"publisher":{"@type":"Organization","name":"Elkami","logo":{"@type":"ImageObject","@id":"https:\/\/blog.elkami.fr\/img\/moi.jpg","url":"https:\/\/blog.elkami.fr\/img\/moi.jpg","width":600,"height":60}},"image":{"@type":"ImageObject","@id":"https:\/\/blog.elkami.fr\/img\/nggallery_import\/P1450145.JPG","url":"https:\/\/blog.elkami.fr\/img\/nggallery_import\/P1450145.JPG","height":1079,"width":1920},"url":"https:\/\/blog.elkami.fr\/pic-du-cardal\/","about":["Pays Toy","Pyr\u00e9n\u00e9es","Randonn&eacute;es"],"wordCount":60},{"@context":"https:\/\/schema.org\/","@type":"BreadcrumbList","itemListElement":[{"@type":"ListItem","position":1,"name":"Pic du Cardal","item":"https:\/\/blog.elkami.fr\/pic-du-cardal\/#breadcrumbitem"}]}]