[{"@context":"https:\/\/schema.org\/","@type":"BlogPosting","@id":"https:\/\/blog.elkami.fr\/vallee-des-merveilles\/#BlogPosting","mainEntityOfPage":"https:\/\/blog.elkami.fr\/vallee-des-merveilles\/","headline":"Vall\u00e9e des Merveilles","name":"Vall\u00e9e des Merveilles","description":"&nbsp;&nbsp;La vall\u00e9e des Merveilles en boucle par le pas de L&rsquo;Arpette, avec une retour par la baisse du Basto. \u00c9tonnante randonn\u00e9e o\u00f9 l&rsquo;on croise les fameuses gravures de la vall\u00e9e des Merveilles mais aussi une grande quantit\u00e9 de chamois et de bouquetins tr\u00e8s peu farouches. Prudence: la boucle est longue (un peu plus de 22Km)&hellip;&nbsp;<a href=\"https:\/\/blog.elkami.fr\/vallee-des-merveilles\/\" rel=\"bookmark\"><span class=\"screen-reader-text\">Vall\u00e9e des Merveilles<\/span><\/a>","datePublished":"2024-08-28","dateModified":"2024-09-21","author":{"@type":"Person","@id":"https:\/\/blog.elkami.fr\/author\/elkami\/#Person","name":"Elkami","url":"https:\/\/blog.elkami.fr\/author\/elkami\/","identifier":2,"image":{"@type":"ImageObject","@id":"https:\/\/secure.gravatar.com\/avatar\/891004d75c83e8d15c760baecb39b7661bb72c362d87c6b74985f514b58d28a6?s=96&d=mm&r=g","url":"https:\/\/secure.gravatar.com\/avatar\/891004d75c83e8d15c760baecb39b7661bb72c362d87c6b74985f514b58d28a6?s=96&d=mm&r=g","height":96,"width":96}},"publisher":{"@type":"Organization","name":"Elkami","logo":{"@type":"ImageObject","@id":"https:\/\/blog.elkami.fr\/img\/moi.jpg","url":"https:\/\/blog.elkami.fr\/img\/moi.jpg","width":600,"height":60}},"image":{"@type":"ImageObject","@id":"https:\/\/blog.elkami.fr\/img\/nggallery_import\/2-P1470392.webp","url":"https:\/\/blog.elkami.fr\/img\/nggallery_import\/2-P1470392.webp","height":1079,"width":1920},"url":"https:\/\/blog.elkami.fr\/vallee-des-merveilles\/","about":["En boucle","Mercantour","Randonn&eacute;es"],"wordCount":78},{"@context":"https:\/\/schema.org\/","@type":"BreadcrumbList","itemListElement":[{"@type":"ListItem","position":1,"name":"Vall\u00e9e des Merveilles","item":"https:\/\/blog.elkami.fr\/vallee-des-merveilles\/#breadcrumbitem"}]}]