[{"@context":"https:\/\/schema.org\/","@type":"BlogPosting","@id":"https:\/\/blog.elkami.fr\/col-de-la-vanoise\/#BlogPosting","mainEntityOfPage":"https:\/\/blog.elkami.fr\/col-de-la-vanoise\/","headline":"Col de la Vanoise","name":"Col de la Vanoise","description":"Magnifique, mais bien trop fr\u00e9quent\u00e9. Aucun d\u00e9tail, ni topo donn\u00e9 ici.","datePublished":"2019-08-17","dateModified":"2022-07-05","author":{"@type":"Person","@id":"https:\/\/blog.elkami.fr\/author\/elkami\/#Person","name":"Elkami","url":"https:\/\/blog.elkami.fr\/author\/elkami\/","identifier":2,"image":{"@type":"ImageObject","@id":"https:\/\/secure.gravatar.com\/avatar\/891004d75c83e8d15c760baecb39b7661bb72c362d87c6b74985f514b58d28a6?s=96&d=mm&r=g","url":"https:\/\/secure.gravatar.com\/avatar\/891004d75c83e8d15c760baecb39b7661bb72c362d87c6b74985f514b58d28a6?s=96&d=mm&r=g","height":96,"width":96}},"publisher":{"@type":"Organization","name":"Elkami","logo":{"@type":"ImageObject","@id":"https:\/\/blog.elkami.fr\/img\/moi.jpg","url":"https:\/\/blog.elkami.fr\/img\/moi.jpg","width":600,"height":60}},"image":{"@type":"ImageObject","@id":"https:\/\/blog.elkami.fr\/img\/2_P1180354.JPG","url":"https:\/\/blog.elkami.fr\/img\/2_P1180354.JPG","height":1079,"width":1920},"url":"https:\/\/blog.elkami.fr\/col-de-la-vanoise\/","about":["Autres","En boucle","Randonn&eacute;es","Savoie"],"wordCount":13},{"@context":"https:\/\/schema.org\/","@type":"BreadcrumbList","itemListElement":[{"@type":"ListItem","position":1,"name":"Col de la Vanoise","item":"https:\/\/blog.elkami.fr\/col-de-la-vanoise\/#breadcrumbitem"}]}]