{"@context":"https:\/\/schema.org\/","@type":"CollectionPage","@id":"https:\/\/blog.elkami.fr\/category\/randonnees\/autres\/#CollectionPage","headline":"Autres Category","description":"<p>Faut quitter les Pyr\u00e9n\u00e9es de temps en temps (mais pas trop longtemps quand m\u00eame).<\/p>\n","url":"https:\/\/blog.elkami.fr\/category\/randonnees\/autres\/","hasPart":[{"@type":"BlogPosting","@id":"https:\/\/blog.elkami.fr\/eglise-de-mediano-gorges-entremon\/","headline":"\u00c9glise de Mediano par les gorges d&rsquo;Entrem\u00f3n","url":"https:\/\/blog.elkami.fr\/eglise-de-mediano-gorges-entremon\/","datePublished":"2023-08-14","dateModified":"2024-09-24","mainEntityOfPage":"https:\/\/blog.elkami.fr\/eglise-de-mediano-gorges-entremon\/","author":{"@type":"Person","@id":"https:\/\/blog.elkami.fr\/author\/elkami\/#Person","name":"Elkami","url":"https:\/\/blog.elkami.fr\/author\/elkami\/","identifier":2,"image":{"@type":"ImageObject","@id":"https:\/\/secure.gravatar.com\/avatar\/891004d75c83e8d15c760baecb39b7661bb72c362d87c6b74985f514b58d28a6?s=96&d=mm&r=g","url":"https:\/\/secure.gravatar.com\/avatar\/891004d75c83e8d15c760baecb39b7661bb72c362d87c6b74985f514b58d28a6?s=96&d=mm&r=g","height":96,"width":96}},"publisher":{"@type":"Organization","name":"Elkami","logo":{"@type":"ImageObject","@id":"https:\/\/blog.elkami.fr\/img\/moi.jpg","url":"https:\/\/blog.elkami.fr\/img\/moi.jpg","width":600,"height":60}},"image":{"@type":"ImageObject","@id":"https:\/\/blog.elkami.fr\/img\/nggallery_import\/P1400672.JPG","url":"https:\/\/blog.elkami.fr\/img\/nggallery_import\/P1400672.JPG","height":1079,"width":1920},"keywords":null},{"@type":"BlogPosting","@id":"https:\/\/blog.elkami.fr\/basses-gorges-du-verdon\/","headline":"Basses gorges du Verdon","url":"https:\/\/blog.elkami.fr\/basses-gorges-du-verdon\/","datePublished":"2019-08-26","dateModified":"2022-06-07","mainEntityOfPage":"https:\/\/blog.elkami.fr\/basses-gorges-du-verdon\/","author":{"@type":"Person","@id":"https:\/\/blog.elkami.fr\/author\/elkami\/#Person","name":"Elkami","url":"https:\/\/blog.elkami.fr\/author\/elkami\/","identifier":2,"image":{"@type":"ImageObject","@id":"https:\/\/secure.gravatar.com\/avatar\/891004d75c83e8d15c760baecb39b7661bb72c362d87c6b74985f514b58d28a6?s=96&d=mm&r=g","url":"https:\/\/secure.gravatar.com\/avatar\/891004d75c83e8d15c760baecb39b7661bb72c362d87c6b74985f514b58d28a6?s=96&d=mm&r=g","height":96,"width":96}},"publisher":{"@type":"Organization","name":"Elkami","logo":{"@type":"ImageObject","@id":"https:\/\/blog.elkami.fr\/img\/moi.jpg","url":"https:\/\/blog.elkami.fr\/img\/moi.jpg","width":600,"height":60}},"image":{"@type":"ImageObject","@id":"https:\/\/blog.elkami.fr\/img\/P1200436.JPG","url":"https:\/\/blog.elkami.fr\/img\/P1200436.JPG","height":1079,"width":1920},"keywords":null},{"@type":"BlogPosting","@id":"https:\/\/blog.elkami.fr\/rocher-de-sarvatan\/","headline":"Rocher de Sarvatan","url":"https:\/\/blog.elkami.fr\/rocher-de-sarvatan\/","datePublished":"2019-08-23","dateModified":"2022-07-05","mainEntityOfPage":"https:\/\/blog.elkami.fr\/rocher-de-sarvatan\/","author":{"@type":"Person","@id":"https:\/\/blog.elkami.fr\/author\/elkami\/#Person","name":"Elkami","url":"https:\/\/blog.elkami.fr\/author\/elkami\/","identifier":2,"image":{"@type":"ImageObject","@id":"https:\/\/secure.gravatar.com\/avatar\/891004d75c83e8d15c760baecb39b7661bb72c362d87c6b74985f514b58d28a6?s=96&d=mm&r=g","url":"https:\/\/secure.gravatar.com\/avatar\/891004d75c83e8d15c760baecb39b7661bb72c362d87c6b74985f514b58d28a6?s=96&d=mm&r=g","height":96,"width":96}},"publisher":{"@type":"Organization","name":"Elkami","logo":{"@type":"ImageObject","@id":"https:\/\/blog.elkami.fr\/img\/moi.jpg","url":"https:\/\/blog.elkami.fr\/img\/moi.jpg","width":600,"height":60}},"image":{"@type":"ImageObject","@id":"https:\/\/blog.elkami.fr\/img\/P1190905.JPG","url":"https:\/\/blog.elkami.fr\/img\/P1190905.JPG","height":1079,"width":1920},"keywords":null},{"@type":"BlogPosting","@id":"https:\/\/blog.elkami.fr\/montagne-des-glaciers\/","headline":"Montagne des Glaciers","url":"https:\/\/blog.elkami.fr\/montagne-des-glaciers\/","datePublished":"2019-08-21","dateModified":"2022-07-05","mainEntityOfPage":"https:\/\/blog.elkami.fr\/montagne-des-glaciers\/","author":{"@type":"Person","@id":"https:\/\/blog.elkami.fr\/author\/elkami\/#Person","name":"Elkami","url":"https:\/\/blog.elkami.fr\/author\/elkami\/","identifier":2,"image":{"@type":"ImageObject","@id":"https:\/\/secure.gravatar.com\/avatar\/891004d75c83e8d15c760baecb39b7661bb72c362d87c6b74985f514b58d28a6?s=96&d=mm&r=g","url":"https:\/\/secure.gravatar.com\/avatar\/891004d75c83e8d15c760baecb39b7661bb72c362d87c6b74985f514b58d28a6?s=96&d=mm&r=g","height":96,"width":96}},"publisher":{"@type":"Organization","name":"Elkami","logo":{"@type":"ImageObject","@id":"https:\/\/blog.elkami.fr\/img\/moi.jpg","url":"https:\/\/blog.elkami.fr\/img\/moi.jpg","width":600,"height":60}},"image":{"@type":"ImageObject","@id":"https:\/\/blog.elkami.fr\/img\/P1190032.JPG","url":"https:\/\/blog.elkami.fr\/img\/P1190032.JPG","height":1079,"width":1920},"keywords":null},{"@type":"BlogPosting","@id":"https:\/\/blog.elkami.fr\/pointe-de-daillait\/","headline":"Pointe de Daillait","url":"https:\/\/blog.elkami.fr\/pointe-de-daillait\/","datePublished":"2019-08-18","dateModified":"2022-07-05","mainEntityOfPage":"https:\/\/blog.elkami.fr\/pointe-de-daillait\/","author":{"@type":"Person","@id":"https:\/\/blog.elkami.fr\/author\/elkami\/#Person","name":"Elkami","url":"https:\/\/blog.elkami.fr\/author\/elkami\/","identifier":2,"image":{"@type":"ImageObject","@id":"https:\/\/secure.gravatar.com\/avatar\/891004d75c83e8d15c760baecb39b7661bb72c362d87c6b74985f514b58d28a6?s=96&d=mm&r=g","url":"https:\/\/secure.gravatar.com\/avatar\/891004d75c83e8d15c760baecb39b7661bb72c362d87c6b74985f514b58d28a6?s=96&d=mm&r=g","height":96,"width":96}},"publisher":{"@type":"Organization","name":"Elkami","logo":{"@type":"ImageObject","@id":"https:\/\/blog.elkami.fr\/img\/moi.jpg","url":"https:\/\/blog.elkami.fr\/img\/moi.jpg","width":600,"height":60}},"image":{"@type":"ImageObject","@id":"https:\/\/blog.elkami.fr\/img\/P1180820.JPG","url":"https:\/\/blog.elkami.fr\/img\/P1180820.JPG","height":1079,"width":1920},"keywords":null},{"@type":"BlogPosting","@id":"https:\/\/blog.elkami.fr\/col-de-la-vanoise\/","headline":"Col de la Vanoise","url":"https:\/\/blog.elkami.fr\/col-de-la-vanoise\/","datePublished":"2019-08-17","dateModified":"2022-07-05","mainEntityOfPage":"https:\/\/blog.elkami.fr\/col-de-la-vanoise\/","author":{"@type":"Person","@id":"https:\/\/blog.elkami.fr\/author\/elkami\/#Person","name":"Elkami","url":"https:\/\/blog.elkami.fr\/author\/elkami\/","identifier":2,"image":{"@type":"ImageObject","@id":"https:\/\/secure.gravatar.com\/avatar\/891004d75c83e8d15c760baecb39b7661bb72c362d87c6b74985f514b58d28a6?s=96&d=mm&r=g","url":"https:\/\/secure.gravatar.com\/avatar\/891004d75c83e8d15c760baecb39b7661bb72c362d87c6b74985f514b58d28a6?s=96&d=mm&r=g","height":96,"width":96}},"publisher":{"@type":"Organization","name":"Elkami","logo":{"@type":"ImageObject","@id":"https:\/\/blog.elkami.fr\/img\/moi.jpg","url":"https:\/\/blog.elkami.fr\/img\/moi.jpg","width":600,"height":60}},"image":{"@type":"ImageObject","@id":"https:\/\/blog.elkami.fr\/img\/2_P1180354.JPG","url":"https:\/\/blog.elkami.fr\/img\/2_P1180354.JPG","height":1079,"width":1920},"keywords":null}]}