{"@context":"https:\/\/schema.org\/","@type":"CollectionPage","@id":"https:\/\/blog.elkami.fr\/category\/randonnees\/pyrenees\/pays-toy\/#CollectionPage","headline":"Pays Toy Category","description":"<p>Dans la grande Gascogne la petite Bigorre int\u00e8gre le pays Pays Toy avec le bassin du gave de Gavarnie (Bar\u00e8ges, Luz-Saint-Sauveur, G\u00e8dre&#8230;) en Lavedan dans les Hautes-Pyr\u00e9n\u00e9es.<\/p>\n<p>Ce terme to\u00ef, qui signifie &lsquo;petit&rsquo; en gascon, \u00e9tait un sobriquet autrefois utilis\u00e9 par les gens du pi\u00e9mont pour d\u00e9signer les habitants des hautes vall\u00e9es pyr\u00e9n\u00e9ennes.<\/p>\n<p>Le pays Toy s&rsquo;\u00e9tend sur 43 302 hectares des gorges de Pierrefitte au col du Tourmalet et au cirque de Gavarnie<\/p>\n","url":"https:\/\/blog.elkami.fr\/category\/randonnees\/pyrenees\/pays-toy\/","hasPart":[{"@type":"BlogPosting","@id":"https:\/\/blog.elkami.fr\/plateau-de-bellevue\/","headline":"Plateau de Bellevue","url":"https:\/\/blog.elkami.fr\/plateau-de-bellevue\/","datePublished":"2016-12-31","dateModified":"2022-07-05","mainEntityOfPage":"https:\/\/blog.elkami.fr\/plateau-de-bellevue\/","author":{"@type":"Person","@id":"https:\/\/blog.elkami.fr\/author\/elkami\/#Person","name":"Elkami","url":"https:\/\/blog.elkami.fr\/author\/elkami\/","identifier":2,"image":{"@type":"ImageObject","@id":"https:\/\/secure.gravatar.com\/avatar\/891004d75c83e8d15c760baecb39b7661bb72c362d87c6b74985f514b58d28a6?s=96&d=mm&r=g","url":"https:\/\/secure.gravatar.com\/avatar\/891004d75c83e8d15c760baecb39b7661bb72c362d87c6b74985f514b58d28a6?s=96&d=mm&r=g","height":96,"width":96}},"publisher":{"@type":"Organization","name":"Elkami","logo":{"@type":"ImageObject","@id":"https:\/\/blog.elkami.fr\/img\/moi.jpg","url":"https:\/\/blog.elkami.fr\/img\/moi.jpg","width":600,"height":60}},"image":{"@type":"ImageObject","@id":"https:\/\/blog.elkami.fr\/img\/ngg_featured\/P1270182.JPG","url":"https:\/\/blog.elkami.fr\/img\/ngg_featured\/P1270182.JPG","height":960,"width":1280},"keywords":null},{"@type":"BlogPosting","@id":"https:\/\/blog.elkami.fr\/echelle-des-sarradets\/","headline":"Refuge des Sarradets (par l&rsquo;\u00e9chelle)","url":"https:\/\/blog.elkami.fr\/echelle-des-sarradets\/","datePublished":"2016-09-10","dateModified":"2022-07-05","mainEntityOfPage":"https:\/\/blog.elkami.fr\/echelle-des-sarradets\/","author":{"@type":"Person","@id":"https:\/\/blog.elkami.fr\/author\/elkami\/#Person","name":"Elkami","url":"https:\/\/blog.elkami.fr\/author\/elkami\/","identifier":2,"image":{"@type":"ImageObject","@id":"https:\/\/secure.gravatar.com\/avatar\/891004d75c83e8d15c760baecb39b7661bb72c362d87c6b74985f514b58d28a6?s=96&d=mm&r=g","url":"https:\/\/secure.gravatar.com\/avatar\/891004d75c83e8d15c760baecb39b7661bb72c362d87c6b74985f514b58d28a6?s=96&d=mm&r=g","height":96,"width":96}},"publisher":{"@type":"Organization","name":"Elkami","logo":{"@type":"ImageObject","@id":"https:\/\/blog.elkami.fr\/img\/moi.jpg","url":"https:\/\/blog.elkami.fr\/img\/moi.jpg","width":600,"height":60}},"image":{"@type":"ImageObject","@id":"https:\/\/blog.elkami.fr\/img\/ngg_featured\/P1260270.JPG","url":"https:\/\/blog.elkami.fr\/img\/ngg_featured\/P1260270.JPG","height":960,"width":1280},"keywords":null},{"@type":"BlogPosting","@id":"https:\/\/blog.elkami.fr\/lac-de-la-bernatoire\/","headline":"Lac de la Bernatoire","url":"https:\/\/blog.elkami.fr\/lac-de-la-bernatoire\/","datePublished":"2016-08-31","dateModified":"2022-07-05","mainEntityOfPage":"https:\/\/blog.elkami.fr\/lac-de-la-bernatoire\/","author":{"@type":"Person","@id":"https:\/\/blog.elkami.fr\/author\/elkami\/#Person","name":"Elkami","url":"https:\/\/blog.elkami.fr\/author\/elkami\/","identifier":2,"image":{"@type":"ImageObject","@id":"https:\/\/secure.gravatar.com\/avatar\/891004d75c83e8d15c760baecb39b7661bb72c362d87c6b74985f514b58d28a6?s=96&d=mm&r=g","url":"https:\/\/secure.gravatar.com\/avatar\/891004d75c83e8d15c760baecb39b7661bb72c362d87c6b74985f514b58d28a6?s=96&d=mm&r=g","height":96,"width":96}},"publisher":{"@type":"Organization","name":"Elkami","logo":{"@type":"ImageObject","@id":"https:\/\/blog.elkami.fr\/img\/moi.jpg","url":"https:\/\/blog.elkami.fr\/img\/moi.jpg","width":600,"height":60}},"image":{"@type":"ImageObject","@id":"https:\/\/blog.elkami.fr\/img\/ngg_featured\/P1260163.JPG","url":"https:\/\/blog.elkami.fr\/img\/ngg_featured\/P1260163.JPG","height":960,"width":1280},"keywords":["borne","gravure"]},{"@type":"BlogPosting","@id":"https:\/\/blog.elkami.fr\/lac-de-cestrede\/","headline":"Lac de Cestr\u00e8de","url":"https:\/\/blog.elkami.fr\/lac-de-cestrede\/","datePublished":"2016-07-17","dateModified":"2022-07-05","mainEntityOfPage":"https:\/\/blog.elkami.fr\/lac-de-cestrede\/","author":{"@type":"Person","@id":"https:\/\/blog.elkami.fr\/author\/elkami\/#Person","name":"Elkami","url":"https:\/\/blog.elkami.fr\/author\/elkami\/","identifier":2,"image":{"@type":"ImageObject","@id":"https:\/\/secure.gravatar.com\/avatar\/891004d75c83e8d15c760baecb39b7661bb72c362d87c6b74985f514b58d28a6?s=96&d=mm&r=g","url":"https:\/\/secure.gravatar.com\/avatar\/891004d75c83e8d15c760baecb39b7661bb72c362d87c6b74985f514b58d28a6?s=96&d=mm&r=g","height":96,"width":96}},"publisher":{"@type":"Organization","name":"Elkami","logo":{"@type":"ImageObject","@id":"https:\/\/blog.elkami.fr\/img\/moi.jpg","url":"https:\/\/blog.elkami.fr\/img\/moi.jpg","width":600,"height":60}},"image":{"@type":"ImageObject","@id":"https:\/\/blog.elkami.fr\/img\/ngg_featured\/P1240802.JPG","url":"https:\/\/blog.elkami.fr\/img\/ngg_featured\/P1240802.JPG","height":960,"width":1280},"keywords":null},{"@type":"BlogPosting","@id":"https:\/\/blog.elkami.fr\/pic-occidental\/","headline":"Pic Occidental (et la Tour)","url":"https:\/\/blog.elkami.fr\/pic-occidental\/","datePublished":"2016-07-16","dateModified":"2022-07-05","mainEntityOfPage":"https:\/\/blog.elkami.fr\/pic-occidental\/","author":{"@type":"Person","@id":"https:\/\/blog.elkami.fr\/author\/elkami\/#Person","name":"Elkami","url":"https:\/\/blog.elkami.fr\/author\/elkami\/","identifier":2,"image":{"@type":"ImageObject","@id":"https:\/\/secure.gravatar.com\/avatar\/891004d75c83e8d15c760baecb39b7661bb72c362d87c6b74985f514b58d28a6?s=96&d=mm&r=g","url":"https:\/\/secure.gravatar.com\/avatar\/891004d75c83e8d15c760baecb39b7661bb72c362d87c6b74985f514b58d28a6?s=96&d=mm&r=g","height":96,"width":96}},"publisher":{"@type":"Organization","name":"Elkami","logo":{"@type":"ImageObject","@id":"https:\/\/blog.elkami.fr\/img\/moi.jpg","url":"https:\/\/blog.elkami.fr\/img\/moi.jpg","width":600,"height":60}},"image":{"@type":"ImageObject","@id":"https:\/\/blog.elkami.fr\/img\/ngg_featured\/P1240631.JPG","url":"https:\/\/blog.elkami.fr\/img\/ngg_featured\/P1240631.JPG","height":960,"width":1280},"keywords":null},{"@type":"BlogPosting","@id":"https:\/\/blog.elkami.fr\/lac-d-eres-lagues\/","headline":"Lac d&rsquo;\u00c8res Lagues","url":"https:\/\/blog.elkami.fr\/lac-d-eres-lagues\/","datePublished":"2016-07-03","dateModified":"2022-07-05","mainEntityOfPage":"https:\/\/blog.elkami.fr\/lac-d-eres-lagues\/","author":{"@type":"Person","@id":"https:\/\/blog.elkami.fr\/author\/elkami\/#Person","name":"Elkami","url":"https:\/\/blog.elkami.fr\/author\/elkami\/","identifier":2,"image":{"@type":"ImageObject","@id":"https:\/\/secure.gravatar.com\/avatar\/891004d75c83e8d15c760baecb39b7661bb72c362d87c6b74985f514b58d28a6?s=96&d=mm&r=g","url":"https:\/\/secure.gravatar.com\/avatar\/891004d75c83e8d15c760baecb39b7661bb72c362d87c6b74985f514b58d28a6?s=96&d=mm&r=g","height":96,"width":96}},"publisher":{"@type":"Organization","name":"Elkami","logo":{"@type":"ImageObject","@id":"https:\/\/blog.elkami.fr\/img\/moi.jpg","url":"https:\/\/blog.elkami.fr\/img\/moi.jpg","width":600,"height":60}},"image":{"@type":"ImageObject","@id":"https:\/\/blog.elkami.fr\/img\/ngg_featured\/P1240366.JPG","url":"https:\/\/blog.elkami.fr\/img\/ngg_featured\/P1240366.JPG","height":960,"width":1280},"keywords":["gravure","vestige"]}]}