[{"@context":"https:\/\/schema.org\/","@type":"Blog","@id":"https:\/\/blog.elkami.fr#Blog","headline":"Elkami en rando","description":"Mes randonn\u00e9es dans les pyr\u00e9n\u00e9es et aillleurs","url":"https:\/\/blog.elkami.fr","blogPost":[{"@type":"BlogPosting","@id":"https:\/\/blog.elkami.fr\/lac-noir-de-cestrede\/","headline":"Lac Noir de Cestr\u00e8de","url":"https:\/\/blog.elkami.fr\/lac-noir-de-cestrede\/","datePublished":"2025-07-26","dateModified":"2025-08-07","mainEntityOfPage":"https:\/\/blog.elkami.fr\/lac-noir-de-cestrede\/","author":{"@type":"Person","@id":"https:\/\/blog.elkami.fr\/author\/elkami\/#Person","name":"Elkami","url":"https:\/\/blog.elkami.fr\/author\/elkami\/","identifier":2,"image":{"@type":"ImageObject","@id":"https:\/\/secure.gravatar.com\/avatar\/891004d75c83e8d15c760baecb39b7661bb72c362d87c6b74985f514b58d28a6?s=96&d=mm&r=g","url":"https:\/\/secure.gravatar.com\/avatar\/891004d75c83e8d15c760baecb39b7661bb72c362d87c6b74985f514b58d28a6?s=96&d=mm&r=g","height":96,"width":96}},"publisher":{"@type":"Organization","name":"Elkami","logo":{"@type":"ImageObject","@id":"https:\/\/blog.elkami.fr\/img\/moi.jpg","url":"https:\/\/blog.elkami.fr\/img\/moi.jpg","width":600,"height":60}},"image":{"@type":"ImageObject","@id":"https:\/\/blog.elkami.fr\/img\/nggallery_import\/P1490643.webp","url":"https:\/\/blog.elkami.fr\/img\/nggallery_import\/P1490643.webp","height":1081,"width":1920},"wordCount":35,"keywords":null},{"@type":"BlogPosting","@id":"https:\/\/blog.elkami.fr\/peyreget\/","headline":"Pic Peyreget","url":"https:\/\/blog.elkami.fr\/peyreget\/","datePublished":"2025-07-17","dateModified":"2025-07-22","mainEntityOfPage":"https:\/\/blog.elkami.fr\/peyreget\/","author":{"@type":"Person","@id":"https:\/\/blog.elkami.fr\/author\/elkami\/#Person","name":"Elkami","url":"https:\/\/blog.elkami.fr\/author\/elkami\/","identifier":2,"image":{"@type":"ImageObject","@id":"https:\/\/secure.gravatar.com\/avatar\/891004d75c83e8d15c760baecb39b7661bb72c362d87c6b74985f514b58d28a6?s=96&d=mm&r=g","url":"https:\/\/secure.gravatar.com\/avatar\/891004d75c83e8d15c760baecb39b7661bb72c362d87c6b74985f514b58d28a6?s=96&d=mm&r=g","height":96,"width":96}},"publisher":{"@type":"Organization","name":"Elkami","logo":{"@type":"ImageObject","@id":"https:\/\/blog.elkami.fr\/img\/moi.jpg","url":"https:\/\/blog.elkami.fr\/img\/moi.jpg","width":600,"height":60}},"image":{"@type":"ImageObject","@id":"https:\/\/blog.elkami.fr\/img\/nggallery_import\/P1330670.JPG","url":"https:\/\/blog.elkami.fr\/img\/nggallery_import\/P1330670.JPG","height":1079,"width":1920},"wordCount":49,"keywords":null},{"@type":"BlogPosting","@id":"https:\/\/blog.elkami.fr\/pimene\/","headline":"Le Pim\u00e9n\u00e9","url":"https:\/\/blog.elkami.fr\/pimene\/","datePublished":"2025-06-28","dateModified":"2025-07-01","mainEntityOfPage":"https:\/\/blog.elkami.fr\/pimene\/","author":{"@type":"Person","@id":"https:\/\/blog.elkami.fr\/author\/elkami\/#Person","name":"Elkami","url":"https:\/\/blog.elkami.fr\/author\/elkami\/","identifier":2,"image":{"@type":"ImageObject","@id":"https:\/\/secure.gravatar.com\/avatar\/891004d75c83e8d15c760baecb39b7661bb72c362d87c6b74985f514b58d28a6?s=96&d=mm&r=g","url":"https:\/\/secure.gravatar.com\/avatar\/891004d75c83e8d15c760baecb39b7661bb72c362d87c6b74985f514b58d28a6?s=96&d=mm&r=g","height":96,"width":96}},"publisher":{"@type":"Organization","name":"Elkami","logo":{"@type":"ImageObject","@id":"https:\/\/blog.elkami.fr\/img\/moi.jpg","url":"https:\/\/blog.elkami.fr\/img\/moi.jpg","width":600,"height":60}},"image":{"@type":"ImageObject","@id":"https:\/\/blog.elkami.fr\/img\/nggallery_import\/P1490067.webp","url":"https:\/\/blog.elkami.fr\/img\/nggallery_import\/P1490067.webp","height":1079,"width":1920},"wordCount":47,"keywords":null},{"@type":"BlogPosting","@id":"https:\/\/blog.elkami.fr\/cirque-de-gavarnie\/","headline":"Cirque de Gavarnie","url":"https:\/\/blog.elkami.fr\/cirque-de-gavarnie\/","datePublished":"2025-02-02","dateModified":"2025-06-03","mainEntityOfPage":"https:\/\/blog.elkami.fr\/cirque-de-gavarnie\/","author":{"@type":"Person","@id":"https:\/\/blog.elkami.fr\/author\/elkami\/#Person","name":"Elkami","url":"https:\/\/blog.elkami.fr\/author\/elkami\/","identifier":2,"image":{"@type":"ImageObject","@id":"https:\/\/secure.gravatar.com\/avatar\/891004d75c83e8d15c760baecb39b7661bb72c362d87c6b74985f514b58d28a6?s=96&d=mm&r=g","url":"https:\/\/secure.gravatar.com\/avatar\/891004d75c83e8d15c760baecb39b7661bb72c362d87c6b74985f514b58d28a6?s=96&d=mm&r=g","height":96,"width":96}},"publisher":{"@type":"Organization","name":"Elkami","logo":{"@type":"ImageObject","@id":"https:\/\/blog.elkami.fr\/img\/moi.jpg","url":"https:\/\/blog.elkami.fr\/img\/moi.jpg","width":600,"height":60}},"image":{"@type":"ImageObject","@id":"https:\/\/blog.elkami.fr\/img\/nggallery_import\/5-P1480795.webp","url":"https:\/\/blog.elkami.fr\/img\/nggallery_import\/5-P1480795.webp","height":1079,"width":1920},"wordCount":47,"keywords":null},{"@type":"BlogPosting","@id":"https:\/\/blog.elkami.fr\/vallee-des-merveilles\/","headline":"Vall\u00e9e des Merveilles","url":"https:\/\/blog.elkami.fr\/vallee-des-merveilles\/","datePublished":"2024-08-28","dateModified":"2024-09-21","mainEntityOfPage":"https:\/\/blog.elkami.fr\/vallee-des-merveilles\/","author":{"@type":"Person","@id":"https:\/\/blog.elkami.fr\/author\/elkami\/#Person","name":"Elkami","url":"https:\/\/blog.elkami.fr\/author\/elkami\/","identifier":2,"image":{"@type":"ImageObject","@id":"https:\/\/secure.gravatar.com\/avatar\/891004d75c83e8d15c760baecb39b7661bb72c362d87c6b74985f514b58d28a6?s=96&d=mm&r=g","url":"https:\/\/secure.gravatar.com\/avatar\/891004d75c83e8d15c760baecb39b7661bb72c362d87c6b74985f514b58d28a6?s=96&d=mm&r=g","height":96,"width":96}},"publisher":{"@type":"Organization","name":"Elkami","logo":{"@type":"ImageObject","@id":"https:\/\/blog.elkami.fr\/img\/moi.jpg","url":"https:\/\/blog.elkami.fr\/img\/moi.jpg","width":600,"height":60}},"image":{"@type":"ImageObject","@id":"https:\/\/blog.elkami.fr\/img\/nggallery_import\/2-P1470392.webp","url":"https:\/\/blog.elkami.fr\/img\/nggallery_import\/2-P1470392.webp","height":1079,"width":1920},"wordCount":43,"keywords":null},{"@type":"BlogPosting","@id":"https:\/\/blog.elkami.fr\/pic-du-cardal\/","headline":"Pic du Cardal","url":"https:\/\/blog.elkami.fr\/pic-du-cardal\/","datePublished":"2024-08-11","dateModified":"2024-08-13","mainEntityOfPage":"https:\/\/blog.elkami.fr\/pic-du-cardal\/","author":{"@type":"Person","@id":"https:\/\/blog.elkami.fr\/author\/elkami\/#Person","name":"Elkami","url":"https:\/\/blog.elkami.fr\/author\/elkami\/","identifier":2,"image":{"@type":"ImageObject","@id":"https:\/\/secure.gravatar.com\/avatar\/891004d75c83e8d15c760baecb39b7661bb72c362d87c6b74985f514b58d28a6?s=96&d=mm&r=g","url":"https:\/\/secure.gravatar.com\/avatar\/891004d75c83e8d15c760baecb39b7661bb72c362d87c6b74985f514b58d28a6?s=96&d=mm&r=g","height":96,"width":96}},"publisher":{"@type":"Organization","name":"Elkami","logo":{"@type":"ImageObject","@id":"https:\/\/blog.elkami.fr\/img\/moi.jpg","url":"https:\/\/blog.elkami.fr\/img\/moi.jpg","width":600,"height":60}},"image":{"@type":"ImageObject","@id":"https:\/\/blog.elkami.fr\/img\/nggallery_import\/P1450145.JPG","url":"https:\/\/blog.elkami.fr\/img\/nggallery_import\/P1450145.JPG","height":1079,"width":1920},"wordCount":40,"keywords":null}]},{"@context":"https:\/\/schema.org","@type":"WebSite","@id":"https:\/\/blog.elkami.fr\/#website","name":"Elkami en rando","url":"https:\/\/blog.elkami.fr","potentialAction":{"@type":"SearchAction","target":"https:\/\/blog.elkami.fr\/?s={search_term_string}","query-input":"required name=search_term_string"}}]