[{"@context":"https:\/\/schema.org\/","@type":"Blog","@id":"https:\/\/blog.elkami.fr#Blog","headline":"Elkami en rando","description":"Mes randonn\u00e9es dans les pyr\u00e9n\u00e9es et aillleurs","url":"https:\/\/blog.elkami.fr","blogPost":[{"@type":"BlogPosting","@id":"https:\/\/blog.elkami.fr\/soum-de-pombie\/","headline":"Soum de Pombie","url":"https:\/\/blog.elkami.fr\/soum-de-pombie\/","datePublished":"2012-04-01","dateModified":"2022-07-05","mainEntityOfPage":"https:\/\/blog.elkami.fr\/soum-de-pombie\/","author":{"@type":"Person","@id":"https:\/\/blog.elkami.fr\/author\/elkami\/#Person","name":"Elkami","url":"https:\/\/blog.elkami.fr\/author\/elkami\/","identifier":2,"image":{"@type":"ImageObject","@id":"https:\/\/secure.gravatar.com\/avatar\/891004d75c83e8d15c760baecb39b7661bb72c362d87c6b74985f514b58d28a6?s=96&d=mm&r=g","url":"https:\/\/secure.gravatar.com\/avatar\/891004d75c83e8d15c760baecb39b7661bb72c362d87c6b74985f514b58d28a6?s=96&d=mm&r=g","height":96,"width":96}},"publisher":{"@type":"Organization","name":"Elkami","logo":{"@type":"ImageObject","@id":"https:\/\/blog.elkami.fr\/img\/moi.jpg","url":"https:\/\/blog.elkami.fr\/img\/moi.jpg","width":600,"height":60}},"image":{"@type":"ImageObject","@id":"https:\/\/blog.elkami.fr\/img\/ngg_featured\/P1140027.JPG","url":"https:\/\/blog.elkami.fr\/img\/ngg_featured\/P1140027.JPG","height":918,"width":1280},"wordCount":41,"keywords":null},{"@type":"BlogPosting","@id":"https:\/\/blog.elkami.fr\/soum-de-pet-de-labigne\/","headline":"Soum de Pet de Labigne","url":"https:\/\/blog.elkami.fr\/soum-de-pet-de-labigne\/","datePublished":"2012-03-31","dateModified":"2022-07-05","mainEntityOfPage":"https:\/\/blog.elkami.fr\/soum-de-pet-de-labigne\/","author":{"@type":"Person","@id":"https:\/\/blog.elkami.fr\/author\/elkami\/#Person","name":"Elkami","url":"https:\/\/blog.elkami.fr\/author\/elkami\/","identifier":2,"image":{"@type":"ImageObject","@id":"https:\/\/secure.gravatar.com\/avatar\/891004d75c83e8d15c760baecb39b7661bb72c362d87c6b74985f514b58d28a6?s=96&d=mm&r=g","url":"https:\/\/secure.gravatar.com\/avatar\/891004d75c83e8d15c760baecb39b7661bb72c362d87c6b74985f514b58d28a6?s=96&d=mm&r=g","height":96,"width":96}},"publisher":{"@type":"Organization","name":"Elkami","logo":{"@type":"ImageObject","@id":"https:\/\/blog.elkami.fr\/img\/moi.jpg","url":"https:\/\/blog.elkami.fr\/img\/moi.jpg","width":600,"height":60}},"image":{"@type":"ImageObject","@id":"https:\/\/blog.elkami.fr\/img\/ngg_featured\/P1130916.JPG","url":"https:\/\/blog.elkami.fr\/img\/ngg_featured\/P1130916.JPG","height":960,"width":1280},"wordCount":42,"keywords":null},{"@type":"BlogPosting","@id":"https:\/\/blog.elkami.fr\/cabane-d-aygues-cluses\/","headline":"Cabane d&rsquo;Aygues Cluses","url":"https:\/\/blog.elkami.fr\/cabane-d-aygues-cluses\/","datePublished":"2012-01-28","dateModified":"2022-07-05","mainEntityOfPage":"https:\/\/blog.elkami.fr\/cabane-d-aygues-cluses\/","author":{"@type":"Person","@id":"https:\/\/blog.elkami.fr\/author\/elkami\/#Person","name":"Elkami","url":"https:\/\/blog.elkami.fr\/author\/elkami\/","identifier":2,"image":{"@type":"ImageObject","@id":"https:\/\/secure.gravatar.com\/avatar\/891004d75c83e8d15c760baecb39b7661bb72c362d87c6b74985f514b58d28a6?s=96&d=mm&r=g","url":"https:\/\/secure.gravatar.com\/avatar\/891004d75c83e8d15c760baecb39b7661bb72c362d87c6b74985f514b58d28a6?s=96&d=mm&r=g","height":96,"width":96}},"publisher":{"@type":"Organization","name":"Elkami","logo":{"@type":"ImageObject","@id":"https:\/\/blog.elkami.fr\/img\/moi.jpg","url":"https:\/\/blog.elkami.fr\/img\/moi.jpg","width":600,"height":60}},"image":{"@type":"ImageObject","@id":"https:\/\/blog.elkami.fr\/img\/ngg_featured\/P1130577.JPG","url":"https:\/\/blog.elkami.fr\/img\/ngg_featured\/P1130577.JPG","height":960,"width":1280},"wordCount":49,"keywords":null},{"@type":"BlogPosting","@id":"https:\/\/blog.elkami.fr\/lac-d-isabe\/","headline":"Lac d&rsquo;Isabe","url":"https:\/\/blog.elkami.fr\/lac-d-isabe\/","datePublished":"2011-08-14","dateModified":"2022-07-05","mainEntityOfPage":"https:\/\/blog.elkami.fr\/lac-d-isabe\/","author":{"@type":"Person","@id":"https:\/\/blog.elkami.fr\/author\/elkami\/#Person","name":"Elkami","url":"https:\/\/blog.elkami.fr\/author\/elkami\/","identifier":2,"image":{"@type":"ImageObject","@id":"https:\/\/secure.gravatar.com\/avatar\/891004d75c83e8d15c760baecb39b7661bb72c362d87c6b74985f514b58d28a6?s=96&d=mm&r=g","url":"https:\/\/secure.gravatar.com\/avatar\/891004d75c83e8d15c760baecb39b7661bb72c362d87c6b74985f514b58d28a6?s=96&d=mm&r=g","height":96,"width":96}},"publisher":{"@type":"Organization","name":"Elkami","logo":{"@type":"ImageObject","@id":"https:\/\/blog.elkami.fr\/img\/moi.jpg","url":"https:\/\/blog.elkami.fr\/img\/moi.jpg","width":600,"height":60}},"image":{"@type":"ImageObject","@id":"https:\/\/blog.elkami.fr\/img\/ngg_featured\/P1120796.JPG","url":"https:\/\/blog.elkami.fr\/img\/ngg_featured\/P1120796.JPG","height":960,"width":1280},"wordCount":34,"keywords":null},{"@type":"BlogPosting","@id":"https:\/\/blog.elkami.fr\/pic-arlet\/","headline":"Pic d&rsquo;Arlet","url":"https:\/\/blog.elkami.fr\/pic-arlet\/","datePublished":"2011-05-28","dateModified":"2022-07-05","mainEntityOfPage":"https:\/\/blog.elkami.fr\/pic-arlet\/","author":{"@type":"Person","@id":"https:\/\/blog.elkami.fr\/author\/elkami\/#Person","name":"Elkami","url":"https:\/\/blog.elkami.fr\/author\/elkami\/","identifier":2,"image":{"@type":"ImageObject","@id":"https:\/\/secure.gravatar.com\/avatar\/891004d75c83e8d15c760baecb39b7661bb72c362d87c6b74985f514b58d28a6?s=96&d=mm&r=g","url":"https:\/\/secure.gravatar.com\/avatar\/891004d75c83e8d15c760baecb39b7661bb72c362d87c6b74985f514b58d28a6?s=96&d=mm&r=g","height":96,"width":96}},"publisher":{"@type":"Organization","name":"Elkami","logo":{"@type":"ImageObject","@id":"https:\/\/blog.elkami.fr\/img\/moi.jpg","url":"https:\/\/blog.elkami.fr\/img\/moi.jpg","width":600,"height":60}},"image":{"@type":"ImageObject","@id":"https:\/\/blog.elkami.fr\/img\/ngg_featured\/P1110768.JPG","url":"https:\/\/blog.elkami.fr\/img\/ngg_featured\/P1110768.JPG","height":871,"width":1280},"wordCount":32,"keywords":null},{"@type":"BlogPosting","@id":"https:\/\/blog.elkami.fr\/casque-du-lheris\/","headline":"Le Teilhet et le Casque du Lh\u00e9ris","url":"https:\/\/blog.elkami.fr\/casque-du-lheris\/","datePublished":"2011-03-05","dateModified":"2022-07-05","mainEntityOfPage":"https:\/\/blog.elkami.fr\/casque-du-lheris\/","author":{"@type":"Person","@id":"https:\/\/blog.elkami.fr\/author\/elkami\/#Person","name":"Elkami","url":"https:\/\/blog.elkami.fr\/author\/elkami\/","identifier":2,"image":{"@type":"ImageObject","@id":"https:\/\/secure.gravatar.com\/avatar\/891004d75c83e8d15c760baecb39b7661bb72c362d87c6b74985f514b58d28a6?s=96&d=mm&r=g","url":"https:\/\/secure.gravatar.com\/avatar\/891004d75c83e8d15c760baecb39b7661bb72c362d87c6b74985f514b58d28a6?s=96&d=mm&r=g","height":96,"width":96}},"publisher":{"@type":"Organization","name":"Elkami","logo":{"@type":"ImageObject","@id":"https:\/\/blog.elkami.fr\/img\/moi.jpg","url":"https:\/\/blog.elkami.fr\/img\/moi.jpg","width":600,"height":60}},"image":{"@type":"ImageObject","@id":"https:\/\/blog.elkami.fr\/img\/ngg_featured\/P1110339.JPG","url":"https:\/\/blog.elkami.fr\/img\/ngg_featured\/P1110339.JPG","height":960,"width":1280},"wordCount":43,"keywords":null}]},{"@context":"https:\/\/schema.org","@type":"WebSite","@id":"https:\/\/blog.elkami.fr\/#website","name":"Elkami en rando","url":"https:\/\/blog.elkami.fr","potentialAction":{"@type":"SearchAction","target":"https:\/\/blog.elkami.fr\/?s={search_term_string}","query-input":"required name=search_term_string"}}]