[{"@context":"https:\/\/schema.org\/","@type":"Blog","@id":"https:\/\/blog.elkami.fr#Blog","headline":"Elkami en rando","description":"Mes randonn\u00e9es dans les pyr\u00e9n\u00e9es et aillleurs","url":"https:\/\/blog.elkami.fr","blogPost":[{"@type":"BlogPosting","@id":"https:\/\/blog.elkami.fr\/jasse-du-printemps\/","headline":"Jasse du Printemps","url":"https:\/\/blog.elkami.fr\/jasse-du-printemps\/","datePublished":"2011-02-06","dateModified":"2022-07-05","mainEntityOfPage":"https:\/\/blog.elkami.fr\/jasse-du-printemps\/","author":{"@type":"Person","@id":"https:\/\/blog.elkami.fr\/author\/elkami\/#Person","name":"Elkami","url":"https:\/\/blog.elkami.fr\/author\/elkami\/","identifier":2,"image":{"@type":"ImageObject","@id":"https:\/\/secure.gravatar.com\/avatar\/891004d75c83e8d15c760baecb39b7661bb72c362d87c6b74985f514b58d28a6?s=96&d=mm&r=g","url":"https:\/\/secure.gravatar.com\/avatar\/891004d75c83e8d15c760baecb39b7661bb72c362d87c6b74985f514b58d28a6?s=96&d=mm&r=g","height":96,"width":96}},"publisher":{"@type":"Organization","name":"Elkami","logo":{"@type":"ImageObject","@id":"https:\/\/blog.elkami.fr\/img\/moi.jpg","url":"https:\/\/blog.elkami.fr\/img\/moi.jpg","width":600,"height":60}},"image":{"@type":"ImageObject","@id":"https:\/\/blog.elkami.fr\/img\/ngg_featured\/P1110239.JPG","url":"https:\/\/blog.elkami.fr\/img\/ngg_featured\/P1110239.JPG","height":960,"width":1280},"wordCount":30,"keywords":null},{"@type":"BlogPosting","@id":"https:\/\/blog.elkami.fr\/jasse-des-cizarols\/","headline":"Jasse des Cizarols","url":"https:\/\/blog.elkami.fr\/jasse-des-cizarols\/","datePublished":"2011-02-05","dateModified":"2022-07-05","mainEntityOfPage":"https:\/\/blog.elkami.fr\/jasse-des-cizarols\/","author":{"@type":"Person","@id":"https:\/\/blog.elkami.fr\/author\/elkami\/#Person","name":"Elkami","url":"https:\/\/blog.elkami.fr\/author\/elkami\/","identifier":2,"image":{"@type":"ImageObject","@id":"https:\/\/secure.gravatar.com\/avatar\/891004d75c83e8d15c760baecb39b7661bb72c362d87c6b74985f514b58d28a6?s=96&d=mm&r=g","url":"https:\/\/secure.gravatar.com\/avatar\/891004d75c83e8d15c760baecb39b7661bb72c362d87c6b74985f514b58d28a6?s=96&d=mm&r=g","height":96,"width":96}},"publisher":{"@type":"Organization","name":"Elkami","logo":{"@type":"ImageObject","@id":"https:\/\/blog.elkami.fr\/img\/moi.jpg","url":"https:\/\/blog.elkami.fr\/img\/moi.jpg","width":600,"height":60}},"image":{"@type":"ImageObject","@id":"https:\/\/blog.elkami.fr\/img\/ngg_featured\/P1110229.JPG","url":"https:\/\/blog.elkami.fr\/img\/ngg_featured\/P1110229.JPG","height":960,"width":1280},"wordCount":27,"keywords":null},{"@type":"BlogPosting","@id":"https:\/\/blog.elkami.fr\/accous-par-pont-d-esquit\/","headline":"Lescun &#8211; Accous par pont d&rsquo;Esquit","url":"https:\/\/blog.elkami.fr\/accous-par-pont-d-esquit\/","datePublished":"2011-01-16","dateModified":"2022-07-05","mainEntityOfPage":"https:\/\/blog.elkami.fr\/accous-par-pont-d-esquit\/","author":{"@type":"Person","@id":"https:\/\/blog.elkami.fr\/author\/elkami\/#Person","name":"Elkami","url":"https:\/\/blog.elkami.fr\/author\/elkami\/","identifier":2,"image":{"@type":"ImageObject","@id":"https:\/\/secure.gravatar.com\/avatar\/891004d75c83e8d15c760baecb39b7661bb72c362d87c6b74985f514b58d28a6?s=96&d=mm&r=g","url":"https:\/\/secure.gravatar.com\/avatar\/891004d75c83e8d15c760baecb39b7661bb72c362d87c6b74985f514b58d28a6?s=96&d=mm&r=g","height":96,"width":96}},"publisher":{"@type":"Organization","name":"Elkami","logo":{"@type":"ImageObject","@id":"https:\/\/blog.elkami.fr\/img\/moi.jpg","url":"https:\/\/blog.elkami.fr\/img\/moi.jpg","width":600,"height":60}},"image":{"@type":"ImageObject","@id":"https:\/\/blog.elkami.fr\/img\/ngg_featured\/P1110179.JPG","url":"https:\/\/blog.elkami.fr\/img\/ngg_featured\/P1110179.JPG","height":959,"width":1280},"wordCount":40,"keywords":null},{"@type":"BlogPosting","@id":"https:\/\/blog.elkami.fr\/cabane-du-cap-de-la-baitch\/","headline":"Cabane du Cap de la Baitch","url":"https:\/\/blog.elkami.fr\/cabane-du-cap-de-la-baitch\/","datePublished":"2011-01-15","dateModified":"2022-07-05","mainEntityOfPage":"https:\/\/blog.elkami.fr\/cabane-du-cap-de-la-baitch\/","author":{"@type":"Person","@id":"https:\/\/blog.elkami.fr\/author\/elkami\/#Person","name":"Elkami","url":"https:\/\/blog.elkami.fr\/author\/elkami\/","identifier":2,"image":{"@type":"ImageObject","@id":"https:\/\/secure.gravatar.com\/avatar\/891004d75c83e8d15c760baecb39b7661bb72c362d87c6b74985f514b58d28a6?s=96&d=mm&r=g","url":"https:\/\/secure.gravatar.com\/avatar\/891004d75c83e8d15c760baecb39b7661bb72c362d87c6b74985f514b58d28a6?s=96&d=mm&r=g","height":96,"width":96}},"publisher":{"@type":"Organization","name":"Elkami","logo":{"@type":"ImageObject","@id":"https:\/\/blog.elkami.fr\/img\/moi.jpg","url":"https:\/\/blog.elkami.fr\/img\/moi.jpg","width":600,"height":60}},"image":{"@type":"ImageObject","@id":"https:\/\/blog.elkami.fr\/img\/ngg_featured\/P1110125.JPG","url":"https:\/\/blog.elkami.fr\/img\/ngg_featured\/P1110125.JPG","height":960,"width":1280},"wordCount":50,"keywords":null},{"@type":"BlogPosting","@id":"https:\/\/blog.elkami.fr\/cabane-de-lheze\/","headline":"Cabane de Lh\u00e8ze","url":"https:\/\/blog.elkami.fr\/cabane-de-lheze\/","datePublished":"2010-11-12","dateModified":"2022-07-05","mainEntityOfPage":"https:\/\/blog.elkami.fr\/cabane-de-lheze\/","author":{"@type":"Person","@id":"https:\/\/blog.elkami.fr\/author\/elkami\/#Person","name":"Elkami","url":"https:\/\/blog.elkami.fr\/author\/elkami\/","identifier":2,"image":{"@type":"ImageObject","@id":"https:\/\/secure.gravatar.com\/avatar\/891004d75c83e8d15c760baecb39b7661bb72c362d87c6b74985f514b58d28a6?s=96&d=mm&r=g","url":"https:\/\/secure.gravatar.com\/avatar\/891004d75c83e8d15c760baecb39b7661bb72c362d87c6b74985f514b58d28a6?s=96&d=mm&r=g","height":96,"width":96}},"publisher":{"@type":"Organization","name":"Elkami","logo":{"@type":"ImageObject","@id":"https:\/\/blog.elkami.fr\/img\/moi.jpg","url":"https:\/\/blog.elkami.fr\/img\/moi.jpg","width":600,"height":60}},"image":{"@type":"ImageObject","@id":"https:\/\/blog.elkami.fr\/img\/ngg_featured\/P1110001.JPG","url":"https:\/\/blog.elkami.fr\/img\/ngg_featured\/P1110001.JPG","height":960,"width":1280},"wordCount":40,"keywords":null},{"@type":"BlogPosting","@id":"https:\/\/blog.elkami.fr\/grand-barbat\/","headline":"Grand Barbat","url":"https:\/\/blog.elkami.fr\/grand-barbat\/","datePublished":"2010-07-24","dateModified":"2022-07-05","mainEntityOfPage":"https:\/\/blog.elkami.fr\/grand-barbat\/","author":{"@type":"Person","@id":"https:\/\/blog.elkami.fr\/author\/elkami\/#Person","name":"Elkami","url":"https:\/\/blog.elkami.fr\/author\/elkami\/","identifier":2,"image":{"@type":"ImageObject","@id":"https:\/\/secure.gravatar.com\/avatar\/891004d75c83e8d15c760baecb39b7661bb72c362d87c6b74985f514b58d28a6?s=96&d=mm&r=g","url":"https:\/\/secure.gravatar.com\/avatar\/891004d75c83e8d15c760baecb39b7661bb72c362d87c6b74985f514b58d28a6?s=96&d=mm&r=g","height":96,"width":96}},"publisher":{"@type":"Organization","name":"Elkami","logo":{"@type":"ImageObject","@id":"https:\/\/blog.elkami.fr\/img\/moi.jpg","url":"https:\/\/blog.elkami.fr\/img\/moi.jpg","width":600,"height":60}},"image":{"@type":"ImageObject","@id":"https:\/\/blog.elkami.fr\/img\/ngg_featured\/P1080581.JPG","url":"https:\/\/blog.elkami.fr\/img\/ngg_featured\/P1080581.JPG","height":960,"width":1280},"wordCount":52,"keywords":null}]},{"@context":"https:\/\/schema.org","@type":"WebSite","@id":"https:\/\/blog.elkami.fr\/#website","name":"Elkami en rando","url":"https:\/\/blog.elkami.fr","potentialAction":{"@type":"SearchAction","target":"https:\/\/blog.elkami.fr\/?s={search_term_string}","query-input":"required name=search_term_string"}}]