{"@context":"https:\/\/schema.org\/","@type":"CollectionPage","@id":"https:\/\/blog.elkami.fr\/category\/randonnees\/pyrenees\/pays-toy\/#CollectionPage","headline":"Pays Toy Category","description":"<p>Dans la grande Gascogne la petite Bigorre int\u00e8gre le pays Pays Toy avec le bassin du gave de Gavarnie (Bar\u00e8ges, Luz-Saint-Sauveur, G\u00e8dre&#8230;) en Lavedan dans les Hautes-Pyr\u00e9n\u00e9es.<\/p>\n<p>Ce terme to\u00ef, qui signifie &lsquo;petit&rsquo; en gascon, \u00e9tait un sobriquet autrefois utilis\u00e9 par les gens du pi\u00e9mont pour d\u00e9signer les habitants des hautes vall\u00e9es pyr\u00e9n\u00e9ennes.<\/p>\n<p>Le pays Toy s&rsquo;\u00e9tend sur 43 302 hectares des gorges de Pierrefitte au col du Tourmalet et au cirque de Gavarnie<\/p>\n","url":"https:\/\/blog.elkami.fr\/category\/randonnees\/pyrenees\/pays-toy\/","hasPart":[{"@type":"BlogPosting","@id":"https:\/\/blog.elkami.fr\/lac-du-cardal\/","headline":"Lac du Cardal","url":"https:\/\/blog.elkami.fr\/lac-du-cardal\/","datePublished":"2024-07-28","dateModified":"2024-09-19","mainEntityOfPage":"https:\/\/blog.elkami.fr\/lac-du-cardal\/","author":{"@type":"Person","@id":"https:\/\/blog.elkami.fr\/author\/elkami\/#Person","name":"Elkami","url":"https:\/\/blog.elkami.fr\/author\/elkami\/","identifier":2,"image":{"@type":"ImageObject","@id":"https:\/\/secure.gravatar.com\/avatar\/891004d75c83e8d15c760baecb39b7661bb72c362d87c6b74985f514b58d28a6?s=96&d=mm&r=g","url":"https:\/\/secure.gravatar.com\/avatar\/891004d75c83e8d15c760baecb39b7661bb72c362d87c6b74985f514b58d28a6?s=96&d=mm&r=g","height":96,"width":96}},"publisher":{"@type":"Organization","name":"Elkami","logo":{"@type":"ImageObject","@id":"https:\/\/blog.elkami.fr\/img\/moi.jpg","url":"https:\/\/blog.elkami.fr\/img\/moi.jpg","width":600,"height":60}},"image":{"@type":"ImageObject","@id":"https:\/\/blog.elkami.fr\/img\/nggallery_import\/P1440806.JPG","url":"https:\/\/blog.elkami.fr\/img\/nggallery_import\/P1440806.JPG","height":1079,"width":1920},"keywords":null},{"@type":"BlogPosting","@id":"https:\/\/blog.elkami.fr\/turon-de-neouvielle\/","headline":"Turon de N\u00e9ouvielle","url":"https:\/\/blog.elkami.fr\/turon-de-neouvielle\/","datePublished":"2024-07-27","dateModified":"2024-08-01","mainEntityOfPage":"https:\/\/blog.elkami.fr\/turon-de-neouvielle\/","author":{"@type":"Person","@id":"https:\/\/blog.elkami.fr\/author\/elkami\/#Person","name":"Elkami","url":"https:\/\/blog.elkami.fr\/author\/elkami\/","identifier":2,"image":{"@type":"ImageObject","@id":"https:\/\/secure.gravatar.com\/avatar\/891004d75c83e8d15c760baecb39b7661bb72c362d87c6b74985f514b58d28a6?s=96&d=mm&r=g","url":"https:\/\/secure.gravatar.com\/avatar\/891004d75c83e8d15c760baecb39b7661bb72c362d87c6b74985f514b58d28a6?s=96&d=mm&r=g","height":96,"width":96}},"publisher":{"@type":"Organization","name":"Elkami","logo":{"@type":"ImageObject","@id":"https:\/\/blog.elkami.fr\/img\/moi.jpg","url":"https:\/\/blog.elkami.fr\/img\/moi.jpg","width":600,"height":60}},"image":{"@type":"ImageObject","@id":"https:\/\/blog.elkami.fr\/img\/nggallery_import\/P1440366.JPG","url":"https:\/\/blog.elkami.fr\/img\/nggallery_import\/P1440366.JPG","height":1079,"width":1920},"keywords":null},{"@type":"BlogPosting","@id":"https:\/\/blog.elkami.fr\/granges-de-coumely\/","headline":"Granges de Coum\u00e9ly","url":"https:\/\/blog.elkami.fr\/granges-de-coumely\/","datePublished":"2022-07-14","dateModified":"2022-07-30","mainEntityOfPage":"https:\/\/blog.elkami.fr\/granges-de-coumely\/","author":{"@type":"Person","@id":"https:\/\/blog.elkami.fr\/author\/elkami\/#Person","name":"Elkami","url":"https:\/\/blog.elkami.fr\/author\/elkami\/","identifier":2,"image":{"@type":"ImageObject","@id":"https:\/\/secure.gravatar.com\/avatar\/891004d75c83e8d15c760baecb39b7661bb72c362d87c6b74985f514b58d28a6?s=96&d=mm&r=g","url":"https:\/\/secure.gravatar.com\/avatar\/891004d75c83e8d15c760baecb39b7661bb72c362d87c6b74985f514b58d28a6?s=96&d=mm&r=g","height":96,"width":96}},"publisher":{"@type":"Organization","name":"Elkami","logo":{"@type":"ImageObject","@id":"https:\/\/blog.elkami.fr\/img\/moi.jpg","url":"https:\/\/blog.elkami.fr\/img\/moi.jpg","width":600,"height":60}},"image":{"@type":"ImageObject","@id":"https:\/\/blog.elkami.fr\/img\/nggallery_import\/P1340414.JPG","url":"https:\/\/blog.elkami.fr\/img\/nggallery_import\/P1340414.JPG","height":1079,"width":1920},"keywords":null},{"@type":"BlogPosting","@id":"https:\/\/blog.elkami.fr\/refuge-des-espuguettes\/","headline":"Refuge des Espuguettes","url":"https:\/\/blog.elkami.fr\/refuge-des-espuguettes\/","datePublished":"2022-07-10","dateModified":"2022-07-11","mainEntityOfPage":"https:\/\/blog.elkami.fr\/refuge-des-espuguettes\/","author":{"@type":"Person","@id":"https:\/\/blog.elkami.fr\/author\/elkami\/#Person","name":"Elkami","url":"https:\/\/blog.elkami.fr\/author\/elkami\/","identifier":2,"image":{"@type":"ImageObject","@id":"https:\/\/secure.gravatar.com\/avatar\/891004d75c83e8d15c760baecb39b7661bb72c362d87c6b74985f514b58d28a6?s=96&d=mm&r=g","url":"https:\/\/secure.gravatar.com\/avatar\/891004d75c83e8d15c760baecb39b7661bb72c362d87c6b74985f514b58d28a6?s=96&d=mm&r=g","height":96,"width":96}},"publisher":{"@type":"Organization","name":"Elkami","logo":{"@type":"ImageObject","@id":"https:\/\/blog.elkami.fr\/img\/moi.jpg","url":"https:\/\/blog.elkami.fr\/img\/moi.jpg","width":600,"height":60}},"image":{"@type":"ImageObject","@id":"https:\/\/blog.elkami.fr\/img\/nggallery_import\/P1340216.JPG","url":"https:\/\/blog.elkami.fr\/img\/nggallery_import\/P1340216.JPG","height":1079,"width":1920},"keywords":null},{"@type":"BlogPosting","@id":"https:\/\/blog.elkami.fr\/lac-de-bassia\/","headline":"Lac de Bassia","url":"https:\/\/blog.elkami.fr\/lac-de-bassia\/","datePublished":"2020-07-19","dateModified":"2022-06-07","mainEntityOfPage":"https:\/\/blog.elkami.fr\/lac-de-bassia\/","author":{"@type":"Person","@id":"https:\/\/blog.elkami.fr\/author\/elkami\/#Person","name":"Elkami","url":"https:\/\/blog.elkami.fr\/author\/elkami\/","identifier":2,"image":{"@type":"ImageObject","@id":"https:\/\/secure.gravatar.com\/avatar\/891004d75c83e8d15c760baecb39b7661bb72c362d87c6b74985f514b58d28a6?s=96&d=mm&r=g","url":"https:\/\/secure.gravatar.com\/avatar\/891004d75c83e8d15c760baecb39b7661bb72c362d87c6b74985f514b58d28a6?s=96&d=mm&r=g","height":96,"width":96}},"publisher":{"@type":"Organization","name":"Elkami","logo":{"@type":"ImageObject","@id":"https:\/\/blog.elkami.fr\/img\/moi.jpg","url":"https:\/\/blog.elkami.fr\/img\/moi.jpg","width":600,"height":60}},"image":{"@type":"ImageObject","@id":"https:\/\/blog.elkami.fr\/img\/nggallery_import\/P1230762.JPG","url":"https:\/\/blog.elkami.fr\/img\/nggallery_import\/P1230762.JPG","height":1079,"width":1920},"keywords":null},{"@type":"BlogPosting","@id":"https:\/\/blog.elkami.fr\/vire-escuzana-tardiator-fleurs\/","headline":"Vire d&rsquo;Escuzana, de Tardiator et des Fleurs","url":"https:\/\/blog.elkami.fr\/vire-escuzana-tardiator-fleurs\/","datePublished":"2020-07-18","dateModified":"2021-09-07","mainEntityOfPage":"https:\/\/blog.elkami.fr\/vire-escuzana-tardiator-fleurs\/","author":{"@type":"Person","@id":"https:\/\/blog.elkami.fr\/author\/elkami\/#Person","name":"Elkami","url":"https:\/\/blog.elkami.fr\/author\/elkami\/","identifier":2,"image":{"@type":"ImageObject","@id":"https:\/\/secure.gravatar.com\/avatar\/891004d75c83e8d15c760baecb39b7661bb72c362d87c6b74985f514b58d28a6?s=96&d=mm&r=g","url":"https:\/\/secure.gravatar.com\/avatar\/891004d75c83e8d15c760baecb39b7661bb72c362d87c6b74985f514b58d28a6?s=96&d=mm&r=g","height":96,"width":96}},"publisher":{"@type":"Organization","name":"Elkami","logo":{"@type":"ImageObject","@id":"https:\/\/blog.elkami.fr\/img\/moi.jpg","url":"https:\/\/blog.elkami.fr\/img\/moi.jpg","width":600,"height":60}},"image":{"@type":"ImageObject","@id":"https:\/\/blog.elkami.fr\/img\/nggallery_import\/P1230339.JPG","url":"https:\/\/blog.elkami.fr\/img\/nggallery_import\/P1230339.JPG","height":1079,"width":1920},"keywords":null}]}